{"id":990198,"date":"2023-05-15T14:50:30","date_gmt":"2023-05-15T12:50:30","guid":{"rendered":"https:\/\/plantationsweisen.lu\/2023\/02\/15\/a-city-garden-or-a-terrace-out-of-sight\/"},"modified":"2023-12-01T11:57:37","modified_gmt":"2023-12-01T10:57:37","slug":"a-city-garden-or-a-terrace-out-of-sight","status":"publish","type":"post","link":"https:\/\/plantationsweisen.lu\/en\/2023\/05\/15\/a-city-garden-or-a-terrace-out-of-sight\/","title":{"rendered":"A city garden or a terrace out of sight!"},"content":{"rendered":"<div class=\"vgblk-rw-wrapper limit-wrapper\">\n<p>M\u00eame avec des voisins charmants, le besoin d&#8217;intimit\u00e9 peut parfois se faire sentir dans les jardins de ville ou dans certains lotissements de campagne. Pour \u00e9viter d&#8217;avoir l&#8217;impression de partager votre terrasse ou votre balcon avec vos voisins, d\u00e9couvrez en image quelques solutions d&#8217;am\u00e9nagement qui vous permettront d&#8217;isoler votre espace ext\u00e9rieur des regards indiscrets, et de vous sentir chez vous, m\u00eame dehors.<\/p>\n\t\t\t\t\t\t\t<img decoding=\"async\" loading=\"lazy\" src=\"https:\/\/plantationsweisen.lu\/wp-content\/uploads\/2023\/02\/amenager-un-jardin-a-labri-des-regards-quelques-astuces-a-connaitre.jpeg\" alt=\"amenager-un-jardin-a-labri-des-regards-quelques-astuces-a-connaitre\" itemprop=\"image\" height=\"721\" width=\"1024\" title=\"amenager-un-jardin-a-labri-des-regards-quelques-astuces-a-connaitre\" onerror=\"this.style.display='none'\" sizes=\"auto, (max-width: 768px) 100vw, 100vw\" srcset=\"https:\/\/plantationsweisen.lu\/wp-content\/uploads\/2023\/02\/amenager-un-jardin-a-labri-des-regards-quelques-astuces-a-connaitre.jpeg 1024w, https:\/\/plantationsweisen.lu\/wp-content\/uploads\/2023\/02\/amenager-un-jardin-a-labri-des-regards-quelques-astuces-a-connaitre-300x211.jpeg 300w, https:\/\/plantationsweisen.lu\/wp-content\/uploads\/2023\/02\/amenager-un-jardin-a-labri-des-regards-quelques-astuces-a-connaitre-768x541.jpeg 768w, https:\/\/plantationsweisen.lu\/wp-content\/uploads\/2023\/02\/amenager-un-jardin-a-labri-des-regards-quelques-astuces-a-connaitre-700x493.jpeg 700w, https:\/\/plantationsweisen.lu\/wp-content\/uploads\/2023\/02\/amenager-un-jardin-a-labri-des-regards-quelques-astuces-a-connaitre-466x328.jpeg 466w, https:\/\/plantationsweisen.lu\/wp-content\/uploads\/2023\/02\/amenager-un-jardin-a-labri-des-regards-quelques-astuces-a-connaitre-933x657.jpeg 933w, https:\/\/plantationsweisen.lu\/wp-content\/uploads\/2023\/02\/amenager-un-jardin-a-labri-des-regards-quelques-astuces-a-connaitre-350x246.jpeg 350w\">\t\t\t\t\t\t\t\n\t<h3>Les haies v\u00e9g\u00e9tales<\/h3>\n<p>Pour couper le vis-\u00e0-vis de votre terrasse tout en cr\u00e9ant une ambiance \u00ab for\u00eat vierge \u00bb, pensez au mur v\u00e9g\u00e9tal. Les haies v\u00e9g\u00e9tales denses sont la solution id\u00e9ale pour cr\u00e9er un havre de verdure\u2026 et d\u00e9courager les curieux par la m\u00eame occasion.<\/p>\n<p>La haie v\u00e9g\u00e9tale, un grand classique des jardins \u00e0 la fran\u00e7aise, les haies n&#8217;ont pas leur pareil pour cr\u00e9er des cl\u00f4tures efficaces, cloisonner le jardin ou confectionner des niches intimistes au c\u0153ur de celui-ci. L&#8217;if, le laurier cerise, le ch\u00e8vrefeuille arbustif ou le buis sont les arbustes de pr\u00e9dilection de ce type de jardin, mais ils requi\u00e8rent une taille r\u00e9guli\u00e8re, autant le savoir&#8230; Tr\u00e8s denses, ils offrent un abri s\u00fbr en cas de vis \u00e0 vis.<\/p>\n<p>En limite de propri\u00e9t\u00e9, les habituels cypr\u00e8s, pyracanthas et tro\u00e8nes pourront \u00eatre avantageusement accompagn\u00e9s par des photinias, dont les jeunes pousses prennent une chaleureuse teinte flamboyante, des eleagnus au feuillage argent\u00e9 et dont la d\u00e9licate floraison rappelle le doux parfum de l&#8217;\u0153illet, ou encore par des bambous (g\u00e9ants ou plus petits) toujours tr\u00e8s a\u00e9riens et exotiques, voire color\u00e9s.<\/p>\n\t<h3>Les palissades<\/h3>\n<p>Vous n&#8217;avez pas la place &#8211; ou pas l&#8217;envie &#8211; de vous lancer dans l&#8217;am\u00e9nagement d&#8217;une barri\u00e8re v\u00e9g\u00e9tale pour prot\u00e9ger votre terrasse du vis-\u00e0-vis ?<\/p>\n<p>La palissade en bois opaque ou semi-opaque est la solution \u00e0 adopter. Elle apportera une petite touche nature \u00e0 votre terrasse et est \u00e9galement id\u00e9ale pour se prot\u00e9ger du vent et des regards indiscrets.<\/p>\n<p>Les palissades s&#8217;installent rapidement, au sol ou sur un muret pour le sur\u00e9lever. Une hauteur de 175 cm est suffisante pour se prot\u00e9ger des vues depuis une maison de plain-pied.<\/p>\n\t\t\t\t\t\t\t<img decoding=\"async\" loading=\"lazy\" src=\"https:\/\/plantationsweisen.lu\/wp-content\/uploads\/2023\/02\/04-amenagement-terrasse_0.jpeg\" alt=\"04-amenagement-terrasse_0\" itemprop=\"image\" height=\"440\" width=\"670\" title=\"04-amenagement-terrasse_0\" onerror=\"this.style.display='none'\" sizes=\"auto, (max-width: 768px) 100vw, 100vw\" srcset=\"https:\/\/plantationsweisen.lu\/wp-content\/uploads\/2023\/02\/04-amenagement-terrasse_0.jpeg 670w, https:\/\/plantationsweisen.lu\/wp-content\/uploads\/2023\/02\/04-amenagement-terrasse_0-300x197.jpeg 300w, https:\/\/plantationsweisen.lu\/wp-content\/uploads\/2023\/02\/04-amenagement-terrasse_0-466x306.jpeg 466w, https:\/\/plantationsweisen.lu\/wp-content\/uploads\/2023\/02\/04-amenagement-terrasse_0-350x230.jpeg 350w\">\t\t\t\t\t\t\t\n\t<h3>Les treillis ou les claustras<\/h3>\n<p>Le treillis (ou claustra) est un \u00e9l\u00e9ment de d\u00e9coration \u00e0 part enti\u00e8re qui peut avoir une fonction brise-vue lorsqu&#8217;il est associ\u00e9 \u00e0 de belles plantes grimpantes. Toujours tr\u00e8s ajour\u00e9, parfois m\u00eame ouvrag\u00e9, il se pr\u00e9sente lui aussi sous forme de panneaux ou d&#8217;arches en bois ou en fer forg\u00e9. Fix\u00e9 \u00e0 un mur, il aura pour fonction de maintenir des plantes volubiles. Souvent int\u00e9gr\u00e9 \u00e0 une vaste jardini\u00e8re, il sera alors du meilleur effet pour cloisonner un espace intimiste. Houblon, ch\u00e8vrefeuille, lierre, jasmin, glycine ou vigne vierge formeront alors un \u00e9cran de verdure enchanteur.<\/p>\n\t<h3>Les voiles tendus<\/h3>\n<p>Les voiles tendues sont de plus en plus utilis\u00e9es pour leur effet d\u00e9coratif et contemporain, vendues sous le nom de voile d&#8217;ombrage, constituent un bon compromis.<\/p>\n<p>Triangulaires, rectangles ou carr\u00e9s, les voiles d&#8217;ombrage offrent une protection visuelle \u00e9l\u00e9gante et a\u00e9rienne , en plus de prot\u00e9ger du soleil et de structurer votre espace de vie.<\/p>\n<p>Faciles \u00e0 mettre en place dans votre jardin ou sur votre terrasse, gr\u00e2ce \u00e0 un syst\u00e8me de fixation au mur et au sol, elles permettent de se prot\u00e9ger \u00e0 la fois des \u00e9l\u00e9ments et des regards<\/p>\n<p>Variez les hauteurs des points de fixation pour plus de dynamisme et inclinez les voiles en cas de vis-\u00e0-vis.<\/p>\n\t\t\t\t\t\t\t<img decoding=\"async\" loading=\"lazy\" src=\"https:\/\/plantationsweisen.lu\/wp-content\/uploads\/2023\/02\/voile-ombrage-protection_1.jpeg\" alt=\"voile-ombrage-protection_1\" itemprop=\"image\" height=\"520\" width=\"840\" title=\"voile-ombrage-protection_1\" onerror=\"this.style.display='none'\" sizes=\"auto, (max-width: 768px) 100vw, 100vw\" srcset=\"https:\/\/plantationsweisen.lu\/wp-content\/uploads\/2023\/02\/voile-ombrage-protection_1.jpeg 840w, https:\/\/plantationsweisen.lu\/wp-content\/uploads\/2023\/02\/voile-ombrage-protection_1-300x186.jpeg 300w, https:\/\/plantationsweisen.lu\/wp-content\/uploads\/2023\/02\/voile-ombrage-protection_1-768x475.jpeg 768w, https:\/\/plantationsweisen.lu\/wp-content\/uploads\/2023\/02\/voile-ombrage-protection_1-700x433.jpeg 700w, https:\/\/plantationsweisen.lu\/wp-content\/uploads\/2023\/02\/voile-ombrage-protection_1-466x288.jpeg 466w, https:\/\/plantationsweisen.lu\/wp-content\/uploads\/2023\/02\/voile-ombrage-protection_1-350x217.jpeg 350w\">\t\t\t\t\t\t\t\n\t<p>En conclusion, en ville comme \u00e0 la campagne, se mettre \u00e0 l&#8217;abri des regards et des d\u00e9sagr\u00e9ments, comme le vent par exemple, reste indispensable. Optez pour une haie naturelle ou artificielle, panneaux ou canisses, portail ou cl\u00f4ture&#8230;<strong>plusieurs solutions existent pour garantir un maximum de confort et d&#8217;intimit\u00e9 \u00e0 votre jardin ou votre terrasse.<\/strong><\/p>\n<p>Contactez notre \u00e9quipe pour r\u00e9aliser ensemble le projet qui vous convient.<\/p>\n<\/div><!-- .vgblk-rw-wrapper -->","protected":false},"excerpt":{"rendered":"<p>M\u00eame avec des voisins charmants, le besoin d&#8217;intimit\u00e9 peut parfois se faire sentir dans les jardins de ville ou dans certains lotissements de campagne. Pour \u00e9viter d&#8217;avoir l&#8217;impression de partager votre terrasse ou votre balcon avec vos voisins, d\u00e9couvrez en image quelques solutions d&#8217;am\u00e9nagement qui vous permettront d&#8217;isoler votre espace ext\u00e9rieur des regards indiscrets, et&#8230;<\/p>\n","protected":false},"author":159765760,"featured_media":989413,"comment_status":"closed","ping_status":"open","sticky":false,"template":"","format":"standard","meta":{"inline_featured_image":false,"cybocfi_hide_featured_image":"yes","_jetpack_memberships_contains_paid_content":false,"footnotes":""},"categories":[6487,6488],"tags":[],"class_list":["post-990198","post","type-post","status-publish","format-standard","has-post-thumbnail","hentry","category-advice","category-garden-design"],"yoast_head":"<!-- This site is optimized with the Yoast SEO plugin v27.4 - https:\/\/yoast.com\/product\/yoast-seo-wordpress\/ -->\n<title>A city garden or a terrace out of sight! - Plantations Weisen<\/title>\n<meta name=\"robots\" content=\"index, follow, max-snippet:-1, max-image-preview:large, max-video-preview:-1\" \/>\n<link rel=\"canonical\" href=\"https:\/\/plantationsweisen.lu\/en\/2023\/05\/15\/a-city-garden-or-a-terrace-out-of-sight\/\" \/>\n<meta property=\"og:locale\" content=\"en_US\" \/>\n<meta property=\"og:type\" content=\"article\" \/>\n<meta property=\"og:title\" content=\"A city garden or a terrace out of sight! - Plantations Weisen\" \/>\n<meta property=\"og:description\" content=\"M\u00eame avec des voisins charmants, le besoin d&#8217;intimit\u00e9 peut parfois se faire sentir dans les jardins de ville ou dans certains lotissements de campagne. Pour \u00e9viter d&#8217;avoir l&#8217;impression de partager votre terrasse ou votre balcon avec vos voisins, d\u00e9couvrez en image quelques solutions d&#8217;am\u00e9nagement qui vous permettront d&#8217;isoler votre espace ext\u00e9rieur des regards indiscrets, et...\" \/>\n<meta property=\"og:url\" content=\"https:\/\/plantationsweisen.lu\/en\/2023\/05\/15\/a-city-garden-or-a-terrace-out-of-sight\/\" \/>\n<meta property=\"og:site_name\" content=\"Plantations Weisen\" \/>\n<meta property=\"article:publisher\" content=\"https:\/\/www.facebook.com\/PlantationWeisen\" \/>\n<meta property=\"article:published_time\" content=\"2023-05-15T12:50:30+00:00\" \/>\n<meta property=\"article:modified_time\" content=\"2023-12-01T10:57:37+00:00\" \/>\n<meta property=\"og:image\" content=\"https:\/\/plantationsweisen.lu\/wp-content\/uploads\/2023\/02\/amenager-un-jardin-a-labri-des-regards-quelques-astuces-a-connaitre.jpeg\" \/>\n\t<meta property=\"og:image:width\" content=\"1024\" \/>\n\t<meta property=\"og:image:height\" content=\"721\" \/>\n\t<meta property=\"og:image:type\" content=\"image\/jpeg\" \/>\n<meta name=\"author\" content=\"agnes-conique\" \/>\n<meta name=\"twitter:card\" content=\"summary_large_image\" \/>\n<meta name=\"twitter:label1\" content=\"Written by\" \/>\n\t<meta name=\"twitter:data1\" content=\"agnes-conique\" \/>\n<script type=\"application\/ld+json\" class=\"yoast-schema-graph\">{\"@context\":\"https:\\\/\\\/schema.org\",\"@graph\":[{\"@type\":\"Article\",\"@id\":\"https:\\\/\\\/plantationsweisen.lu\\\/en\\\/2023\\\/05\\\/15\\\/a-city-garden-or-a-terrace-out-of-sight\\\/#article\",\"isPartOf\":{\"@id\":\"https:\\\/\\\/plantationsweisen.lu\\\/en\\\/2023\\\/05\\\/15\\\/a-city-garden-or-a-terrace-out-of-sight\\\/\"},\"author\":{\"name\":\"agnes-conique\",\"@id\":\"https:\\\/\\\/plantationsweisen.lu\\\/#\\\/schema\\\/person\\\/833cee8d86474d32f027ee73b8261a31\"},\"headline\":\"A city garden or a terrace out of sight!\",\"datePublished\":\"2023-05-15T12:50:30+00:00\",\"dateModified\":\"2023-12-01T10:57:37+00:00\",\"mainEntityOfPage\":{\"@id\":\"https:\\\/\\\/plantationsweisen.lu\\\/en\\\/2023\\\/05\\\/15\\\/a-city-garden-or-a-terrace-out-of-sight\\\/\"},\"wordCount\":691,\"publisher\":{\"@id\":\"https:\\\/\\\/plantationsweisen.lu\\\/#organization\"},\"image\":{\"@id\":\"https:\\\/\\\/plantationsweisen.lu\\\/en\\\/2023\\\/05\\\/15\\\/a-city-garden-or-a-terrace-out-of-sight\\\/#primaryimage\"},\"thumbnailUrl\":\"https:\\\/\\\/plantationsweisen.lu\\\/wp-content\\\/uploads\\\/2023\\\/02\\\/amenager-un-jardin-a-labri-des-regards-quelques-astuces-a-connaitre.jpeg\",\"articleSection\":[\"Advice\",\"Garden design\"],\"inLanguage\":\"en-US\"},{\"@type\":\"WebPage\",\"@id\":\"https:\\\/\\\/plantationsweisen.lu\\\/en\\\/2023\\\/05\\\/15\\\/a-city-garden-or-a-terrace-out-of-sight\\\/\",\"url\":\"https:\\\/\\\/plantationsweisen.lu\\\/en\\\/2023\\\/05\\\/15\\\/a-city-garden-or-a-terrace-out-of-sight\\\/\",\"name\":\"A city garden or a terrace out of sight! - Plantations Weisen\",\"isPartOf\":{\"@id\":\"https:\\\/\\\/plantationsweisen.lu\\\/#website\"},\"primaryImageOfPage\":{\"@id\":\"https:\\\/\\\/plantationsweisen.lu\\\/en\\\/2023\\\/05\\\/15\\\/a-city-garden-or-a-terrace-out-of-sight\\\/#primaryimage\"},\"image\":{\"@id\":\"https:\\\/\\\/plantationsweisen.lu\\\/en\\\/2023\\\/05\\\/15\\\/a-city-garden-or-a-terrace-out-of-sight\\\/#primaryimage\"},\"thumbnailUrl\":\"https:\\\/\\\/plantationsweisen.lu\\\/wp-content\\\/uploads\\\/2023\\\/02\\\/amenager-un-jardin-a-labri-des-regards-quelques-astuces-a-connaitre.jpeg\",\"datePublished\":\"2023-05-15T12:50:30+00:00\",\"dateModified\":\"2023-12-01T10:57:37+00:00\",\"breadcrumb\":{\"@id\":\"https:\\\/\\\/plantationsweisen.lu\\\/en\\\/2023\\\/05\\\/15\\\/a-city-garden-or-a-terrace-out-of-sight\\\/#breadcrumb\"},\"inLanguage\":\"en-US\",\"potentialAction\":[{\"@type\":\"ReadAction\",\"target\":[\"https:\\\/\\\/plantationsweisen.lu\\\/en\\\/2023\\\/05\\\/15\\\/a-city-garden-or-a-terrace-out-of-sight\\\/\"]}]},{\"@type\":\"BreadcrumbList\",\"@id\":\"https:\\\/\\\/plantationsweisen.lu\\\/en\\\/2023\\\/05\\\/15\\\/a-city-garden-or-a-terrace-out-of-sight\\\/#breadcrumb\",\"itemListElement\":[{\"@type\":\"ListItem\",\"position\":1,\"name\":\"Accueil\",\"item\":\"https:\\\/\\\/plantationsweisen.lu\\\/en\\\/\"},{\"@type\":\"ListItem\",\"position\":2,\"name\":\"A city garden or a terrace out of sight!\"}]},{\"@type\":\"WebSite\",\"@id\":\"https:\\\/\\\/plantationsweisen.lu\\\/#website\",\"url\":\"https:\\\/\\\/plantationsweisen.lu\\\/\",\"name\":\"Plantations Weisen\",\"description\":\"\",\"publisher\":{\"@id\":\"https:\\\/\\\/plantationsweisen.lu\\\/#organization\"},\"potentialAction\":[{\"@type\":\"SearchAction\",\"target\":{\"@type\":\"EntryPoint\",\"urlTemplate\":\"https:\\\/\\\/plantationsweisen.lu\\\/?s={search_term_string}\"},\"query-input\":{\"@type\":\"PropertyValueSpecification\",\"valueRequired\":true,\"valueName\":\"search_term_string\"}}],\"inLanguage\":\"en-US\"},{\"@type\":\"Organization\",\"@id\":\"https:\\\/\\\/plantationsweisen.lu\\\/#organization\",\"name\":\"Plantations Weisen\",\"url\":\"https:\\\/\\\/plantationsweisen.lu\\\/\",\"logo\":{\"@type\":\"ImageObject\",\"inLanguage\":\"en-US\",\"@id\":\"https:\\\/\\\/plantationsweisen.lu\\\/#\\\/schema\\\/logo\\\/image\\\/\",\"url\":\"https:\\\/\\\/plantationsweisen.lu\\\/wp-content\\\/uploads\\\/2023\\\/04\\\/cropped-Logo-vert-Fonce-Plantations-Weisen.png\",\"contentUrl\":\"https:\\\/\\\/plantationsweisen.lu\\\/wp-content\\\/uploads\\\/2023\\\/04\\\/cropped-Logo-vert-Fonce-Plantations-Weisen.png\",\"width\":150,\"height\":150,\"caption\":\"Plantations Weisen\"},\"image\":{\"@id\":\"https:\\\/\\\/plantationsweisen.lu\\\/#\\\/schema\\\/logo\\\/image\\\/\"},\"sameAs\":[\"https:\\\/\\\/www.facebook.com\\\/PlantationWeisen\",\"https:\\\/\\\/www.instagram.com\\\/plantationsweisen\\\/\",\"https:\\\/\\\/www.tiktok.com\\\/@plantationsweisen\",\"https:\\\/\\\/www.linkedin.com\\\/company\\\/plantations-weisen\\\/\"]},{\"@type\":\"Person\",\"@id\":\"https:\\\/\\\/plantationsweisen.lu\\\/#\\\/schema\\\/person\\\/833cee8d86474d32f027ee73b8261a31\",\"name\":\"agnes-conique\",\"url\":\"https:\\\/\\\/plantationsweisen.lu\\\/en\\\/author\\\/agnes-conique\\\/\"}]}<\/script>\n<!-- \/ Yoast SEO plugin. -->","yoast_head_json":{"title":"A city garden or a terrace out of sight! - Plantations Weisen","robots":{"index":"index","follow":"follow","max-snippet":"max-snippet:-1","max-image-preview":"max-image-preview:large","max-video-preview":"max-video-preview:-1"},"canonical":"https:\/\/plantationsweisen.lu\/en\/2023\/05\/15\/a-city-garden-or-a-terrace-out-of-sight\/","og_locale":"en_US","og_type":"article","og_title":"A city garden or a terrace out of sight! - Plantations Weisen","og_description":"M\u00eame avec des voisins charmants, le besoin d&#8217;intimit\u00e9 peut parfois se faire sentir dans les jardins de ville ou dans certains lotissements de campagne. Pour \u00e9viter d&#8217;avoir l&#8217;impression de partager votre terrasse ou votre balcon avec vos voisins, d\u00e9couvrez en image quelques solutions d&#8217;am\u00e9nagement qui vous permettront d&#8217;isoler votre espace ext\u00e9rieur des regards indiscrets, et...","og_url":"https:\/\/plantationsweisen.lu\/en\/2023\/05\/15\/a-city-garden-or-a-terrace-out-of-sight\/","og_site_name":"Plantations Weisen","article_publisher":"https:\/\/www.facebook.com\/PlantationWeisen","article_published_time":"2023-05-15T12:50:30+00:00","article_modified_time":"2023-12-01T10:57:37+00:00","og_image":[{"width":1024,"height":721,"url":"https:\/\/plantationsweisen.lu\/wp-content\/uploads\/2023\/02\/amenager-un-jardin-a-labri-des-regards-quelques-astuces-a-connaitre.jpeg","type":"image\/jpeg"}],"author":"agnes-conique","twitter_card":"summary_large_image","twitter_misc":{"Written by":"agnes-conique"},"schema":{"@context":"https:\/\/schema.org","@graph":[{"@type":"Article","@id":"https:\/\/plantationsweisen.lu\/en\/2023\/05\/15\/a-city-garden-or-a-terrace-out-of-sight\/#article","isPartOf":{"@id":"https:\/\/plantationsweisen.lu\/en\/2023\/05\/15\/a-city-garden-or-a-terrace-out-of-sight\/"},"author":{"name":"agnes-conique","@id":"https:\/\/plantationsweisen.lu\/#\/schema\/person\/833cee8d86474d32f027ee73b8261a31"},"headline":"A city garden or a terrace out of sight!","datePublished":"2023-05-15T12:50:30+00:00","dateModified":"2023-12-01T10:57:37+00:00","mainEntityOfPage":{"@id":"https:\/\/plantationsweisen.lu\/en\/2023\/05\/15\/a-city-garden-or-a-terrace-out-of-sight\/"},"wordCount":691,"publisher":{"@id":"https:\/\/plantationsweisen.lu\/#organization"},"image":{"@id":"https:\/\/plantationsweisen.lu\/en\/2023\/05\/15\/a-city-garden-or-a-terrace-out-of-sight\/#primaryimage"},"thumbnailUrl":"https:\/\/plantationsweisen.lu\/wp-content\/uploads\/2023\/02\/amenager-un-jardin-a-labri-des-regards-quelques-astuces-a-connaitre.jpeg","articleSection":["Advice","Garden design"],"inLanguage":"en-US"},{"@type":"WebPage","@id":"https:\/\/plantationsweisen.lu\/en\/2023\/05\/15\/a-city-garden-or-a-terrace-out-of-sight\/","url":"https:\/\/plantationsweisen.lu\/en\/2023\/05\/15\/a-city-garden-or-a-terrace-out-of-sight\/","name":"A city garden or a terrace out of sight! - Plantations Weisen","isPartOf":{"@id":"https:\/\/plantationsweisen.lu\/#website"},"primaryImageOfPage":{"@id":"https:\/\/plantationsweisen.lu\/en\/2023\/05\/15\/a-city-garden-or-a-terrace-out-of-sight\/#primaryimage"},"image":{"@id":"https:\/\/plantationsweisen.lu\/en\/2023\/05\/15\/a-city-garden-or-a-terrace-out-of-sight\/#primaryimage"},"thumbnailUrl":"https:\/\/plantationsweisen.lu\/wp-content\/uploads\/2023\/02\/amenager-un-jardin-a-labri-des-regards-quelques-astuces-a-connaitre.jpeg","datePublished":"2023-05-15T12:50:30+00:00","dateModified":"2023-12-01T10:57:37+00:00","breadcrumb":{"@id":"https:\/\/plantationsweisen.lu\/en\/2023\/05\/15\/a-city-garden-or-a-terrace-out-of-sight\/#breadcrumb"},"inLanguage":"en-US","potentialAction":[{"@type":"ReadAction","target":["https:\/\/plantationsweisen.lu\/en\/2023\/05\/15\/a-city-garden-or-a-terrace-out-of-sight\/"]}]},{"@type":"BreadcrumbList","@id":"https:\/\/plantationsweisen.lu\/en\/2023\/05\/15\/a-city-garden-or-a-terrace-out-of-sight\/#breadcrumb","itemListElement":[{"@type":"ListItem","position":1,"name":"Accueil","item":"https:\/\/plantationsweisen.lu\/en\/"},{"@type":"ListItem","position":2,"name":"A city garden or a terrace out of sight!"}]},{"@type":"WebSite","@id":"https:\/\/plantationsweisen.lu\/#website","url":"https:\/\/plantationsweisen.lu\/","name":"Plantations Weisen","description":"","publisher":{"@id":"https:\/\/plantationsweisen.lu\/#organization"},"potentialAction":[{"@type":"SearchAction","target":{"@type":"EntryPoint","urlTemplate":"https:\/\/plantationsweisen.lu\/?s={search_term_string}"},"query-input":{"@type":"PropertyValueSpecification","valueRequired":true,"valueName":"search_term_string"}}],"inLanguage":"en-US"},{"@type":"Organization","@id":"https:\/\/plantationsweisen.lu\/#organization","name":"Plantations Weisen","url":"https:\/\/plantationsweisen.lu\/","logo":{"@type":"ImageObject","inLanguage":"en-US","@id":"https:\/\/plantationsweisen.lu\/#\/schema\/logo\/image\/","url":"https:\/\/plantationsweisen.lu\/wp-content\/uploads\/2023\/04\/cropped-Logo-vert-Fonce-Plantations-Weisen.png","contentUrl":"https:\/\/plantationsweisen.lu\/wp-content\/uploads\/2023\/04\/cropped-Logo-vert-Fonce-Plantations-Weisen.png","width":150,"height":150,"caption":"Plantations Weisen"},"image":{"@id":"https:\/\/plantationsweisen.lu\/#\/schema\/logo\/image\/"},"sameAs":["https:\/\/www.facebook.com\/PlantationWeisen","https:\/\/www.instagram.com\/plantationsweisen\/","https:\/\/www.tiktok.com\/@plantationsweisen","https:\/\/www.linkedin.com\/company\/plantations-weisen\/"]},{"@type":"Person","@id":"https:\/\/plantationsweisen.lu\/#\/schema\/person\/833cee8d86474d32f027ee73b8261a31","name":"agnes-conique","url":"https:\/\/plantationsweisen.lu\/en\/author\/agnes-conique\/"}]}},"jetpack_featured_media_url":"https:\/\/plantationsweisen.lu\/wp-content\/uploads\/2023\/02\/amenager-un-jardin-a-labri-des-regards-quelques-astuces-a-connaitre.jpeg","jetpack_sharing_enabled":true,"_links":{"self":[{"href":"https:\/\/plantationsweisen.lu\/en\/wp-json\/wp\/v2\/posts\/990198","targetHints":{"allow":["GET"]}}],"collection":[{"href":"https:\/\/plantationsweisen.lu\/en\/wp-json\/wp\/v2\/posts"}],"about":[{"href":"https:\/\/plantationsweisen.lu\/en\/wp-json\/wp\/v2\/types\/post"}],"author":[{"embeddable":true,"href":"https:\/\/plantationsweisen.lu\/en\/wp-json\/wp\/v2\/users\/159765760"}],"replies":[{"embeddable":true,"href":"https:\/\/plantationsweisen.lu\/en\/wp-json\/wp\/v2\/comments?post=990198"}],"version-history":[{"count":3,"href":"https:\/\/plantationsweisen.lu\/en\/wp-json\/wp\/v2\/posts\/990198\/revisions"}],"predecessor-version":[{"id":991120,"href":"https:\/\/plantationsweisen.lu\/en\/wp-json\/wp\/v2\/posts\/990198\/revisions\/991120"}],"wp:featuredmedia":[{"embeddable":true,"href":"https:\/\/plantationsweisen.lu\/en\/wp-json\/wp\/v2\/media\/989413"}],"wp:attachment":[{"href":"https:\/\/plantationsweisen.lu\/en\/wp-json\/wp\/v2\/media?parent=990198"}],"wp:term":[{"taxonomy":"category","embeddable":true,"href":"https:\/\/plantationsweisen.lu\/en\/wp-json\/wp\/v2\/categories?post=990198"},{"taxonomy":"post_tag","embeddable":true,"href":"https:\/\/plantationsweisen.lu\/en\/wp-json\/wp\/v2\/tags?post=990198"}],"curies":[{"name":"wp","href":"https:\/\/api.w.org\/{rel}","templated":true}]}}