{"id":990192,"date":"2023-01-05T15:57:01","date_gmt":"2023-01-05T14:57:01","guid":{"rendered":"https:\/\/plantationsweisen.lu\/2023\/02\/15\/der-winter-die-beste-zeit-um-den-garten-zu-gestalten\/"},"modified":"2023-12-01T11:57:20","modified_gmt":"2023-12-01T10:57:20","slug":"der-winter-die-beste-zeit-um-den-garten-zu-gestalten","status":"publish","type":"post","link":"https:\/\/plantationsweisen.lu\/de\/2023\/01\/05\/der-winter-die-beste-zeit-um-den-garten-zu-gestalten\/","title":{"rendered":"Der Winter &#8211; die beste Zeit, um den Garten zu gestalten!"},"content":{"rendered":"<div class=\"vgblk-rw-wrapper limit-wrapper\">\n\n\t<p>L&#8217;hiver est le moment o\u00f9 le jardin peut enfin souffler et s&#8217;endormir paisiblement avant le printemps. Ce n&#8217;est pas pour autant une raison de l&#8217;abandonner car c&#8217;est \u00e0 cette p\u00e9riode que l&#8217;on peut prendre conscience de ce qu&#8217;il abrite, le transformer et lui redonner des forces.<\/p>\n<p>Petit tour d&#8217;horizon des gestes qui permettront de pr\u00e9parer cette saison tant attendue au jardin.<\/p>\n\t\t\t\t\t\t\t<img loading=\"lazy\" src=\"https:\/\/plantationsweisen.lu\/wp-content\/uploads\/2023\/02\/preparer-jardin-hiver.jpeg\" alt=\"preparer-jardin-hiver\" itemprop=\"image\" height=\"450\" width=\"780\" title=\"preparer-jardin-hiver\" onerror=\"this.style.display='none'\"  sizes=\"auto, (max-width: 768px) 100vw, 100vw\" srcset=\"https:\/\/plantationsweisen.lu\/wp-content\/uploads\/2023\/02\/preparer-jardin-hiver.jpeg 780w, https:\/\/plantationsweisen.lu\/wp-content\/uploads\/2023\/02\/preparer-jardin-hiver-300x173.jpeg 300w, https:\/\/plantationsweisen.lu\/wp-content\/uploads\/2023\/02\/preparer-jardin-hiver-768x443.jpeg 768w, https:\/\/plantationsweisen.lu\/wp-content\/uploads\/2023\/02\/preparer-jardin-hiver-700x404.jpeg 700w, https:\/\/plantationsweisen.lu\/wp-content\/uploads\/2023\/02\/preparer-jardin-hiver-466x269.jpeg 466w, https:\/\/plantationsweisen.lu\/wp-content\/uploads\/2023\/02\/preparer-jardin-hiver-350x202.jpeg 350w\" \/>\t\t\t\t\t\t\t\n\t<h3>Qui a dit qu&#8217;on ne pouvait pas planter en hiver ?<\/h3>\n<p>Nous vous l&#8217;accordons, il est plus difficile de vouloir mettre les mains dans la terre quand le froid est bel et bien pr\u00e9sent. En r\u00e9alit\u00e9, il est totalement possible de planter m\u00eame en hiver !<\/p>\n<p>Contrairement aux id\u00e9es re\u00e7ues, le gel de nos jours n&#8217;emp\u00eache pas les plantes de bien se d\u00e9velopper. La terre va certes geler en surface, n\u00e9anmoins elle restera bien assez chaude en profondeur.<\/p>\n<p>Naturellement, il convient tout de m\u00eame de ne pas planter les journ\u00e9es o\u00f9 les temp\u00e9ratures ne d\u00e9passeront pas les -5C\u00b0. En plus d&#8217;avoir tr\u00e8s froid, vos plantes, elles, risqueraient quand m\u00eame de se sentir agress\u00e9es.<\/p>\n<p>La haie v\u00e9g\u00e9tale, un grand classique des jardins \u00e0 la fran\u00e7aise, les haies n&#8217;ont pas leur pareil pour cr\u00e9er des cl\u00f4tures efficaces, cloisonner le jardin ou confectionner des niches intimistes au c\u0153ur de celui-ci. L&#8217;if, le laurier cerise, le ch\u00e8vrefeuille arbustif ou le buis sont les arbustes de pr\u00e9dilection de ce type de jardin, mais ils requi\u00e8rent une taille r\u00e9guli\u00e8re, autant le savoir&#8230; Tr\u00e8s denses, ils offrent un abri s\u00fbr en cas de vis \u00e0 vis.<\/p>\n<p>En limite de propri\u00e9t\u00e9, les habituels cypr\u00e8s, pyracanthas et tro\u00e8nes pourront \u00eatre avantageusement accompagn\u00e9s par des photinias, dont les jeunes pousses prennent une chaleureuse teinte flamboyante, des eleagnus au feuillage argent\u00e9 et dont la d\u00e9licate floraison rappelle le doux parfum de l&#8217;\u0153illet, ou encore par des bambous (g\u00e9ants ou plus petits) toujours tr\u00e8s a\u00e9riens et exotiques, voire color\u00e9s.<\/p>\n\t<h3>L&#8217;hiver, le bon moment pour se projeter !<strong><br \/>\n<\/strong><\/h3>\n<p>Vous n&#8217;avez pas de terrasse sur laquelle d\u00e9jeuner en \u00e9t\u00e9 ? Pourquoi ne pas y songer ? Et quoi de mieux que de nouveaux massifs pour habiller les coins vides de votre jardin ?<\/p>\n<p>Grand nombre de questions peut \u00eatre soulev\u00e9 et s&#8217;il y a bien une p\u00e9riode pour y r\u00e9fl\u00e9chir c&#8217;est en hiver !<\/p>\n<p>La fin de l&#8217;hiver est le moment id\u00e9al pour r\u00eaver \u00e0 son futur jardin et aux nouveaux am\u00e9nagements qu&#8217;il va \u00eatre possible de mettre en \u0153uvre, par exemple :<\/p>\n<ul>\n<li><strong>Pr\u00e9parer le terrain pour la cr\u00e9ation d&#8217;une<\/strong> pelouse\u00a0: pour cela vous pouvez d\u00e9marrer par d\u00e9limiter la zone, labourer ou b\u00eacher le sol pour \u00e9liminer les gros \u00e9l\u00e9ments comme les pierres et les souches, et arracher les mauvaises herbes. Vous pouvez \u00e9galement am\u00e9liorer la terre avec un apport de compost.<\/li>\n<li><strong>Concevoir un potager :<\/strong> profitez d&#8217;un jour de pluie pour \u00e9laborer le plan, r\u00e9fl\u00e9chir \u00e0 la rotation des cultures et commencer \u00e0 commander les graines si ce n&#8217;est pas encore fait. Les jours de beaux temps installer les bordures, d\u00e9fricher, et pr\u00e9parer le sol.<\/li>\n<li><strong>Plantation d&#8217;une haie :<\/strong> il est encore temps de planter certains arbustes qui constitueront votre haie future. Fleurs, baies ou feuillages color\u00e9s et persistants, haie d\u00e9fensive, haie vari\u00e9e, brise-vue ou d\u00e9corative, le choix est vaste et les possibilit\u00e9s multiples.<\/li>\n<\/ul>\n\t<h3>Vous avez besoin d&#8217;id\u00e9es ?<\/h3>\n<p>Nous vous proposons de vous accompagner dans vos projections en vous permettant de concevoir et visualiser vos plans de jardin directement en 3D. Vous pourrez trouver encore plus d&#8217;inspiration pour vos projets et les mettre directement en sc\u00e8ne dans votre propre jardin virtuel. <a href=\"https:\/\/plantationsweisen.lu\/contactez-nous\/\">Contactez notre \u00e9quipe<\/a> et r\u00e9alisons ensemble l&#8217;am\u00e9nagement de votre ext\u00e9rieur.<\/p>\n\n<\/div><!-- .vgblk-rw-wrapper -->","protected":false},"excerpt":{"rendered":"<p>L&#8217;hiver est le moment o\u00f9 le jardin peut enfin souffler et s&#8217;endormir paisiblement avant le printemps. Ce n&#8217;est pas pour autant une raison de l&#8217;abandonner car c&#8217;est \u00e0 cette p\u00e9riode que l&#8217;on peut prendre conscience de ce qu&#8217;il abrite, le transformer et lui redonner des forces. Petit tour d&#8217;horizon des gestes qui permettront de pr\u00e9parer&#8230;<\/p>\n","protected":false},"author":159765760,"featured_media":989984,"comment_status":"closed","ping_status":"open","sticky":false,"template":"","format":"standard","meta":{"inline_featured_image":false,"cybocfi_hide_featured_image":"yes","_jetpack_memberships_contains_paid_content":false,"footnotes":""},"categories":[6482],"tags":[],"class_list":["post-990192","post","type-post","status-publish","format-standard","has-post-thumbnail","hentry","category-tipps"],"yoast_head":"<!-- This site is optimized with the Yoast SEO plugin v27.5 - https:\/\/yoast.com\/product\/yoast-seo-wordpress\/ -->\n<title>Der Winter - die beste Zeit, um den Garten zu gestalten! - Plantations Weisen<\/title>\n<meta name=\"robots\" content=\"index, follow, max-snippet:-1, max-image-preview:large, max-video-preview:-1\" \/>\n<link rel=\"canonical\" href=\"https:\/\/plantationsweisen.lu\/de\/2023\/01\/05\/der-winter-die-beste-zeit-um-den-garten-zu-gestalten\/\" \/>\n<meta property=\"og:locale\" content=\"de_DE\" \/>\n<meta property=\"og:type\" content=\"article\" \/>\n<meta property=\"og:title\" content=\"Der Winter - die beste Zeit, um den Garten zu gestalten! - Plantations Weisen\" \/>\n<meta property=\"og:description\" content=\"L&#8217;hiver est le moment o\u00f9 le jardin peut enfin souffler et s&#8217;endormir paisiblement avant le printemps. Ce n&#8217;est pas pour autant une raison de l&#8217;abandonner car c&#8217;est \u00e0 cette p\u00e9riode que l&#8217;on peut prendre conscience de ce qu&#8217;il abrite, le transformer et lui redonner des forces. Petit tour d&#8217;horizon des gestes qui permettront de pr\u00e9parer...\" \/>\n<meta property=\"og:url\" content=\"https:\/\/plantationsweisen.lu\/de\/2023\/01\/05\/der-winter-die-beste-zeit-um-den-garten-zu-gestalten\/\" \/>\n<meta property=\"og:site_name\" content=\"Plantations Weisen\" \/>\n<meta property=\"article:publisher\" content=\"https:\/\/www.facebook.com\/PlantationWeisen\" \/>\n<meta property=\"article:published_time\" content=\"2023-01-05T14:57:01+00:00\" \/>\n<meta property=\"article:modified_time\" content=\"2023-12-01T10:57:20+00:00\" \/>\n<meta property=\"og:image\" content=\"https:\/\/plantationsweisen.lu\/wp-content\/uploads\/2023\/02\/pexels-mikhail-nilov-6526177-1024x683.jpg\" \/>\n\t<meta property=\"og:image:width\" content=\"1024\" \/>\n\t<meta property=\"og:image:height\" content=\"683\" \/>\n\t<meta property=\"og:image:type\" content=\"image\/jpeg\" \/>\n<meta name=\"author\" content=\"agnes-conique\" \/>\n<meta name=\"twitter:card\" content=\"summary_large_image\" \/>\n<meta name=\"twitter:label1\" content=\"Verfasst von\" \/>\n\t<meta name=\"twitter:data1\" content=\"agnes-conique\" \/>\n<script type=\"application\/ld+json\" class=\"yoast-schema-graph\">{\"@context\":\"https:\\\/\\\/schema.org\",\"@graph\":[{\"@type\":\"Article\",\"@id\":\"https:\\\/\\\/plantationsweisen.lu\\\/de\\\/2023\\\/01\\\/05\\\/der-winter-die-beste-zeit-um-den-garten-zu-gestalten\\\/#article\",\"isPartOf\":{\"@id\":\"https:\\\/\\\/plantationsweisen.lu\\\/de\\\/2023\\\/01\\\/05\\\/der-winter-die-beste-zeit-um-den-garten-zu-gestalten\\\/\"},\"author\":{\"name\":\"agnes-conique\",\"@id\":\"https:\\\/\\\/plantationsweisen.lu\\\/#\\\/schema\\\/person\\\/833cee8d86474d32f027ee73b8261a31\"},\"headline\":\"Der Winter &#8211; die beste Zeit, um den Garten zu gestalten!\",\"datePublished\":\"2023-01-05T14:57:01+00:00\",\"dateModified\":\"2023-12-01T10:57:20+00:00\",\"mainEntityOfPage\":{\"@id\":\"https:\\\/\\\/plantationsweisen.lu\\\/de\\\/2023\\\/01\\\/05\\\/der-winter-die-beste-zeit-um-den-garten-zu-gestalten\\\/\"},\"wordCount\":680,\"publisher\":{\"@id\":\"https:\\\/\\\/plantationsweisen.lu\\\/#organization\"},\"image\":{\"@id\":\"https:\\\/\\\/plantationsweisen.lu\\\/de\\\/2023\\\/01\\\/05\\\/der-winter-die-beste-zeit-um-den-garten-zu-gestalten\\\/#primaryimage\"},\"thumbnailUrl\":\"https:\\\/\\\/plantationsweisen.lu\\\/wp-content\\\/uploads\\\/2023\\\/02\\\/pexels-mikhail-nilov-6526177.jpg\",\"articleSection\":[\"Tipps\"],\"inLanguage\":\"de\"},{\"@type\":\"WebPage\",\"@id\":\"https:\\\/\\\/plantationsweisen.lu\\\/de\\\/2023\\\/01\\\/05\\\/der-winter-die-beste-zeit-um-den-garten-zu-gestalten\\\/\",\"url\":\"https:\\\/\\\/plantationsweisen.lu\\\/de\\\/2023\\\/01\\\/05\\\/der-winter-die-beste-zeit-um-den-garten-zu-gestalten\\\/\",\"name\":\"Der Winter - die beste Zeit, um den Garten zu gestalten! - Plantations Weisen\",\"isPartOf\":{\"@id\":\"https:\\\/\\\/plantationsweisen.lu\\\/#website\"},\"primaryImageOfPage\":{\"@id\":\"https:\\\/\\\/plantationsweisen.lu\\\/de\\\/2023\\\/01\\\/05\\\/der-winter-die-beste-zeit-um-den-garten-zu-gestalten\\\/#primaryimage\"},\"image\":{\"@id\":\"https:\\\/\\\/plantationsweisen.lu\\\/de\\\/2023\\\/01\\\/05\\\/der-winter-die-beste-zeit-um-den-garten-zu-gestalten\\\/#primaryimage\"},\"thumbnailUrl\":\"https:\\\/\\\/plantationsweisen.lu\\\/wp-content\\\/uploads\\\/2023\\\/02\\\/pexels-mikhail-nilov-6526177.jpg\",\"datePublished\":\"2023-01-05T14:57:01+00:00\",\"dateModified\":\"2023-12-01T10:57:20+00:00\",\"breadcrumb\":{\"@id\":\"https:\\\/\\\/plantationsweisen.lu\\\/de\\\/2023\\\/01\\\/05\\\/der-winter-die-beste-zeit-um-den-garten-zu-gestalten\\\/#breadcrumb\"},\"inLanguage\":\"de\",\"potentialAction\":[{\"@type\":\"ReadAction\",\"target\":[\"https:\\\/\\\/plantationsweisen.lu\\\/de\\\/2023\\\/01\\\/05\\\/der-winter-die-beste-zeit-um-den-garten-zu-gestalten\\\/\"]}]},{\"@type\":\"BreadcrumbList\",\"@id\":\"https:\\\/\\\/plantationsweisen.lu\\\/de\\\/2023\\\/01\\\/05\\\/der-winter-die-beste-zeit-um-den-garten-zu-gestalten\\\/#breadcrumb\",\"itemListElement\":[{\"@type\":\"ListItem\",\"position\":1,\"name\":\"Accueil\",\"item\":\"https:\\\/\\\/plantationsweisen.lu\\\/de\\\/\"},{\"@type\":\"ListItem\",\"position\":2,\"name\":\"Der Winter &#8211; die beste Zeit, um den Garten zu gestalten!\"}]},{\"@type\":\"WebSite\",\"@id\":\"https:\\\/\\\/plantationsweisen.lu\\\/#website\",\"url\":\"https:\\\/\\\/plantationsweisen.lu\\\/\",\"name\":\"Plantations Weisen\",\"description\":\"\",\"publisher\":{\"@id\":\"https:\\\/\\\/plantationsweisen.lu\\\/#organization\"},\"potentialAction\":[{\"@type\":\"SearchAction\",\"target\":{\"@type\":\"EntryPoint\",\"urlTemplate\":\"https:\\\/\\\/plantationsweisen.lu\\\/?s={search_term_string}\"},\"query-input\":{\"@type\":\"PropertyValueSpecification\",\"valueRequired\":true,\"valueName\":\"search_term_string\"}}],\"inLanguage\":\"de\"},{\"@type\":\"Organization\",\"@id\":\"https:\\\/\\\/plantationsweisen.lu\\\/#organization\",\"name\":\"Plantations Weisen\",\"url\":\"https:\\\/\\\/plantationsweisen.lu\\\/\",\"logo\":{\"@type\":\"ImageObject\",\"inLanguage\":\"de\",\"@id\":\"https:\\\/\\\/plantationsweisen.lu\\\/#\\\/schema\\\/logo\\\/image\\\/\",\"url\":\"https:\\\/\\\/plantationsweisen.lu\\\/wp-content\\\/uploads\\\/2023\\\/04\\\/cropped-Logo-vert-Fonce-Plantations-Weisen.png\",\"contentUrl\":\"https:\\\/\\\/plantationsweisen.lu\\\/wp-content\\\/uploads\\\/2023\\\/04\\\/cropped-Logo-vert-Fonce-Plantations-Weisen.png\",\"width\":150,\"height\":150,\"caption\":\"Plantations Weisen\"},\"image\":{\"@id\":\"https:\\\/\\\/plantationsweisen.lu\\\/#\\\/schema\\\/logo\\\/image\\\/\"},\"sameAs\":[\"https:\\\/\\\/www.facebook.com\\\/PlantationWeisen\",\"https:\\\/\\\/www.instagram.com\\\/plantationsweisen\\\/\",\"https:\\\/\\\/www.tiktok.com\\\/@plantationsweisen\",\"https:\\\/\\\/www.linkedin.com\\\/company\\\/plantations-weisen\\\/\"]},{\"@type\":\"Person\",\"@id\":\"https:\\\/\\\/plantationsweisen.lu\\\/#\\\/schema\\\/person\\\/833cee8d86474d32f027ee73b8261a31\",\"name\":\"agnes-conique\",\"url\":\"https:\\\/\\\/plantationsweisen.lu\\\/de\\\/author\\\/agnes-conique\\\/\"}]}<\/script>\n<!-- \/ Yoast SEO plugin. -->","yoast_head_json":{"title":"Der Winter - die beste Zeit, um den Garten zu gestalten! - Plantations Weisen","robots":{"index":"index","follow":"follow","max-snippet":"max-snippet:-1","max-image-preview":"max-image-preview:large","max-video-preview":"max-video-preview:-1"},"canonical":"https:\/\/plantationsweisen.lu\/de\/2023\/01\/05\/der-winter-die-beste-zeit-um-den-garten-zu-gestalten\/","og_locale":"de_DE","og_type":"article","og_title":"Der Winter - die beste Zeit, um den Garten zu gestalten! - Plantations Weisen","og_description":"L&#8217;hiver est le moment o\u00f9 le jardin peut enfin souffler et s&#8217;endormir paisiblement avant le printemps. Ce n&#8217;est pas pour autant une raison de l&#8217;abandonner car c&#8217;est \u00e0 cette p\u00e9riode que l&#8217;on peut prendre conscience de ce qu&#8217;il abrite, le transformer et lui redonner des forces. Petit tour d&#8217;horizon des gestes qui permettront de pr\u00e9parer...","og_url":"https:\/\/plantationsweisen.lu\/de\/2023\/01\/05\/der-winter-die-beste-zeit-um-den-garten-zu-gestalten\/","og_site_name":"Plantations Weisen","article_publisher":"https:\/\/www.facebook.com\/PlantationWeisen","article_published_time":"2023-01-05T14:57:01+00:00","article_modified_time":"2023-12-01T10:57:20+00:00","og_image":[{"width":1024,"height":683,"url":"https:\/\/plantationsweisen.lu\/wp-content\/uploads\/2023\/02\/pexels-mikhail-nilov-6526177-1024x683.jpg","type":"image\/jpeg"}],"author":"agnes-conique","twitter_card":"summary_large_image","twitter_misc":{"Verfasst von":"agnes-conique"},"schema":{"@context":"https:\/\/schema.org","@graph":[{"@type":"Article","@id":"https:\/\/plantationsweisen.lu\/de\/2023\/01\/05\/der-winter-die-beste-zeit-um-den-garten-zu-gestalten\/#article","isPartOf":{"@id":"https:\/\/plantationsweisen.lu\/de\/2023\/01\/05\/der-winter-die-beste-zeit-um-den-garten-zu-gestalten\/"},"author":{"name":"agnes-conique","@id":"https:\/\/plantationsweisen.lu\/#\/schema\/person\/833cee8d86474d32f027ee73b8261a31"},"headline":"Der Winter &#8211; die beste Zeit, um den Garten zu gestalten!","datePublished":"2023-01-05T14:57:01+00:00","dateModified":"2023-12-01T10:57:20+00:00","mainEntityOfPage":{"@id":"https:\/\/plantationsweisen.lu\/de\/2023\/01\/05\/der-winter-die-beste-zeit-um-den-garten-zu-gestalten\/"},"wordCount":680,"publisher":{"@id":"https:\/\/plantationsweisen.lu\/#organization"},"image":{"@id":"https:\/\/plantationsweisen.lu\/de\/2023\/01\/05\/der-winter-die-beste-zeit-um-den-garten-zu-gestalten\/#primaryimage"},"thumbnailUrl":"https:\/\/plantationsweisen.lu\/wp-content\/uploads\/2023\/02\/pexels-mikhail-nilov-6526177.jpg","articleSection":["Tipps"],"inLanguage":"de"},{"@type":"WebPage","@id":"https:\/\/plantationsweisen.lu\/de\/2023\/01\/05\/der-winter-die-beste-zeit-um-den-garten-zu-gestalten\/","url":"https:\/\/plantationsweisen.lu\/de\/2023\/01\/05\/der-winter-die-beste-zeit-um-den-garten-zu-gestalten\/","name":"Der Winter - die beste Zeit, um den Garten zu gestalten! - Plantations Weisen","isPartOf":{"@id":"https:\/\/plantationsweisen.lu\/#website"},"primaryImageOfPage":{"@id":"https:\/\/plantationsweisen.lu\/de\/2023\/01\/05\/der-winter-die-beste-zeit-um-den-garten-zu-gestalten\/#primaryimage"},"image":{"@id":"https:\/\/plantationsweisen.lu\/de\/2023\/01\/05\/der-winter-die-beste-zeit-um-den-garten-zu-gestalten\/#primaryimage"},"thumbnailUrl":"https:\/\/plantationsweisen.lu\/wp-content\/uploads\/2023\/02\/pexels-mikhail-nilov-6526177.jpg","datePublished":"2023-01-05T14:57:01+00:00","dateModified":"2023-12-01T10:57:20+00:00","breadcrumb":{"@id":"https:\/\/plantationsweisen.lu\/de\/2023\/01\/05\/der-winter-die-beste-zeit-um-den-garten-zu-gestalten\/#breadcrumb"},"inLanguage":"de","potentialAction":[{"@type":"ReadAction","target":["https:\/\/plantationsweisen.lu\/de\/2023\/01\/05\/der-winter-die-beste-zeit-um-den-garten-zu-gestalten\/"]}]},{"@type":"BreadcrumbList","@id":"https:\/\/plantationsweisen.lu\/de\/2023\/01\/05\/der-winter-die-beste-zeit-um-den-garten-zu-gestalten\/#breadcrumb","itemListElement":[{"@type":"ListItem","position":1,"name":"Accueil","item":"https:\/\/plantationsweisen.lu\/de\/"},{"@type":"ListItem","position":2,"name":"Der Winter &#8211; die beste Zeit, um den Garten zu gestalten!"}]},{"@type":"WebSite","@id":"https:\/\/plantationsweisen.lu\/#website","url":"https:\/\/plantationsweisen.lu\/","name":"Plantations Weisen","description":"","publisher":{"@id":"https:\/\/plantationsweisen.lu\/#organization"},"potentialAction":[{"@type":"SearchAction","target":{"@type":"EntryPoint","urlTemplate":"https:\/\/plantationsweisen.lu\/?s={search_term_string}"},"query-input":{"@type":"PropertyValueSpecification","valueRequired":true,"valueName":"search_term_string"}}],"inLanguage":"de"},{"@type":"Organization","@id":"https:\/\/plantationsweisen.lu\/#organization","name":"Plantations Weisen","url":"https:\/\/plantationsweisen.lu\/","logo":{"@type":"ImageObject","inLanguage":"de","@id":"https:\/\/plantationsweisen.lu\/#\/schema\/logo\/image\/","url":"https:\/\/plantationsweisen.lu\/wp-content\/uploads\/2023\/04\/cropped-Logo-vert-Fonce-Plantations-Weisen.png","contentUrl":"https:\/\/plantationsweisen.lu\/wp-content\/uploads\/2023\/04\/cropped-Logo-vert-Fonce-Plantations-Weisen.png","width":150,"height":150,"caption":"Plantations Weisen"},"image":{"@id":"https:\/\/plantationsweisen.lu\/#\/schema\/logo\/image\/"},"sameAs":["https:\/\/www.facebook.com\/PlantationWeisen","https:\/\/www.instagram.com\/plantationsweisen\/","https:\/\/www.tiktok.com\/@plantationsweisen","https:\/\/www.linkedin.com\/company\/plantations-weisen\/"]},{"@type":"Person","@id":"https:\/\/plantationsweisen.lu\/#\/schema\/person\/833cee8d86474d32f027ee73b8261a31","name":"agnes-conique","url":"https:\/\/plantationsweisen.lu\/de\/author\/agnes-conique\/"}]}},"jetpack_featured_media_url":"https:\/\/plantationsweisen.lu\/wp-content\/uploads\/2023\/02\/pexels-mikhail-nilov-6526177.jpg","jetpack_sharing_enabled":true,"_links":{"self":[{"href":"https:\/\/plantationsweisen.lu\/de\/wp-json\/wp\/v2\/posts\/990192","targetHints":{"allow":["GET"]}}],"collection":[{"href":"https:\/\/plantationsweisen.lu\/de\/wp-json\/wp\/v2\/posts"}],"about":[{"href":"https:\/\/plantationsweisen.lu\/de\/wp-json\/wp\/v2\/types\/post"}],"author":[{"embeddable":true,"href":"https:\/\/plantationsweisen.lu\/de\/wp-json\/wp\/v2\/users\/159765760"}],"replies":[{"embeddable":true,"href":"https:\/\/plantationsweisen.lu\/de\/wp-json\/wp\/v2\/comments?post=990192"}],"version-history":[{"count":3,"href":"https:\/\/plantationsweisen.lu\/de\/wp-json\/wp\/v2\/posts\/990192\/revisions"}],"predecessor-version":[{"id":991117,"href":"https:\/\/plantationsweisen.lu\/de\/wp-json\/wp\/v2\/posts\/990192\/revisions\/991117"}],"wp:featuredmedia":[{"embeddable":true,"href":"https:\/\/plantationsweisen.lu\/de\/wp-json\/wp\/v2\/media\/989984"}],"wp:attachment":[{"href":"https:\/\/plantationsweisen.lu\/de\/wp-json\/wp\/v2\/media?parent=990192"}],"wp:term":[{"taxonomy":"category","embeddable":true,"href":"https:\/\/plantationsweisen.lu\/de\/wp-json\/wp\/v2\/categories?post=990192"},{"taxonomy":"post_tag","embeddable":true,"href":"https:\/\/plantationsweisen.lu\/de\/wp-json\/wp\/v2\/tags?post=990192"}],"curies":[{"name":"wp","href":"https:\/\/api.w.org\/{rel}","templated":true}]}}